{"id":16189,"date":"2021-03-23T16:38:21","date_gmt":"2021-03-23T15:38:21","guid":{"rendered":"https:\/\/www.ufe.cz\/akademicky-snem-zvolil-nove-cleny-akademicke-a-vedecke-rady-av-cr\/"},"modified":"2025-12-18T11:01:56","modified_gmt":"2025-12-18T10:01:56","slug":"academy-assembly-elected-new-members-of-academy-and-science-council","status":"publish","type":"post","link":"https:\/\/www.ufe.cz\/en\/academy-assembly-elected-new-members-of-academy-and-science-council\/","title":{"rendered":"Academy Assembly elected new members of Academy and Science Council"},"content":{"rendered":"<p>In the first half of March, President Milo\u0161 Zeman appointed Eva Za\u017e\u00edmalov\u00e1 as the President of the Czech Academy of Sciences. On March 23, delegates of the Academy Assembly of the CAS elected new members of the Academy and Science Council of the CAS for the years 2021\u20132025.<\/p>\n<p>The elections took place through a special election application. More than two hundred registered delegates elected to LVII. meeting of the Academy Assembly a total of 15 members of the Academy Council and 29 members of the Science Council for the term of office 2021\u20132025.<\/p>\n<p>Except for six scientists who already have experience with this position from the previous period, the Academy Council will include nine new personalities from the workplaces of the Czech Academy of Sciences, including <a href=\"https:\/\/www.ufe.cz\/en\/jiri-homola\" target=\"_blank\" rel=\"noopener\">Prof. Ji\u0159\u00ed Homola, Ph.D., DSc.<\/a>\u00a0from the Institute of Photonics and Electronics (for the first scientific field).\u00a0<a href=\"https:\/\/www.ufe.cz\/en\/jiri-ctyroky\" target=\"_blank\" rel=\"noopener\">Prof. Ji\u0159\u00ed \u010ctyrok\u00fd, DrSc.<\/a> from \u00daFE was elected to the Science Council (also for the first scientific field).<\/p>\n<p>A total of 17 members of the Academy Council (including the President of the CAS Eva Za\u017e\u00edmalov\u00e1 and the President of the Science Council) will act as executive bodies for the next four years. The Science Council has a mandate for a conceptual and advisory function in matters of preparation and implementation of the science policy of the Czech Academy of Sciences. Their term of office begins on March 25, 2021.<\/p>\n<p><em>Read more:\u00a0<a href=\"https:\/\/www.avcr.cz\/cs\/o-nas\/aktuality\/Volby-opet-online.-Akademie-si-zvolila-vedeni-pro-dalsi-funkcni-obdobi\/\" target=\"_blank\" rel=\"noopener\">Website of Czech Academy of Science<\/a><\/em><\/p>\n","protected":false},"excerpt":{"rendered":"<p>Delegates of Academy Assembly elected new members to Academic and Science Council of the CAS for years 2021\u20132025. Among new members there are Prof. Homola and Prof. \u010ctyrok\u00fd from \u00daFE.<\/p>\n","protected":false},"author":5,"featured_media":8466,"comment_status":"closed","ping_status":"closed","sticky":false,"template":"","format":"standard","meta":{"_acf_changed":false,"footnotes":""},"categories":[51],"tags":[],"acf":[],"_links":{"self":[{"href":"https:\/\/www.ufe.cz\/en\/wp-json\/wp\/v2\/posts\/16189"}],"collection":[{"href":"https:\/\/www.ufe.cz\/en\/wp-json\/wp\/v2\/posts"}],"about":[{"href":"https:\/\/www.ufe.cz\/en\/wp-json\/wp\/v2\/types\/post"}],"author":[{"embeddable":true,"href":"https:\/\/www.ufe.cz\/en\/wp-json\/wp\/v2\/users\/5"}],"replies":[{"embeddable":true,"href":"https:\/\/www.ufe.cz\/en\/wp-json\/wp\/v2\/comments?post=16189"}],"version-history":[{"count":0,"href":"https:\/\/www.ufe.cz\/en\/wp-json\/wp\/v2\/posts\/16189\/revisions"}],"wp:featuredmedia":[{"embeddable":true,"href":"https:\/\/www.ufe.cz\/en\/wp-json\/wp\/v2\/media\/8466"}],"wp:attachment":[{"href":"https:\/\/www.ufe.cz\/en\/wp-json\/wp\/v2\/media?parent=16189"}],"wp:term":[{"taxonomy":"category","embeddable":true,"href":"https:\/\/www.ufe.cz\/en\/wp-json\/wp\/v2\/categories?post=16189"},{"taxonomy":"post_tag","embeddable":true,"href":"https:\/\/www.ufe.cz\/en\/wp-json\/wp\/v2\/tags?post=16189"}],"curies":[{"name":"wp","href":"https:\/\/api.w.org\/{rel}","templated":true}]}}