{"id":35608,"date":"2026-04-30T11:26:55","date_gmt":"2026-04-30T09:26:55","guid":{"rendered":"https:\/\/www.ufe.cz\/tym-bioelektrodynamika-predstavil-iniciativu-biophotoniq-na-konferenci-quantum-biology-forum-2026\/"},"modified":"2026-04-30T11:53:59","modified_gmt":"2026-04-30T09:53:59","slug":"the-bioelectrodynamics-team-presented-the-biophotoniq-initiative-at-the-quantum-biology-forum-2026-conference","status":"publish","type":"post","link":"https:\/\/www.ufe.cz\/en\/the-bioelectrodynamics-team-presented-the-biophotoniq-initiative-at-the-quantum-biology-forum-2026-conference\/","title":{"rendered":"The Bioelectrodynamics team presented the Biophotoniq initiative at the Quantum Biology Forum 2026 conference"},"content":{"rendered":"\t\t<div data-elementor-type=\"wp-post\" data-elementor-id=\"35608\" class=\"elementor elementor-35608 elementor-35599\" data-elementor-post-type=\"post\">\n\t\t\t\t<div class=\"elementor-element elementor-element-e2e433f e-flex e-con-boxed e-con e-parent\" data-id=\"e2e433f\" data-element_type=\"container\">\n\t\t\t\t\t<div class=\"e-con-inner\">\n\t\t\t\t<div class=\"elementor-element elementor-element-50e7627 elementor-widget elementor-widget-text-editor\" data-id=\"50e7627\" data-element_type=\"widget\" data-widget_type=\"text-editor.default\">\n\t\t\t\t<div class=\"elementor-widget-container\">\n\t\t\t\t\t\t\t<p>The Bioelectrodynamics team publicly unveiled its new Biophotoniq initiative at the <a href=\"https:\/\/quantumbiologyforum.com\/\" target=\"_blank\" rel=\"noopener\"><strong>Quantum Biology Forum 2026<\/strong><\/a> international conference, held on April 13\u201314, 2026, in Silver Spring, Maryland, in the Washington, D.C., metropolitan area.<\/p><p>Biophotoniq is developing along two interconnected lines. The first focuses on building an international community, sharing knowledge, and connecting scientists, partners, and the public around research into the intrinsic bioluminescence of organisms\u2014so-called biophotons. The second branch is focused on developing proprietary measurement technology and a data infrastructure with the aim of laying the groundwork for a future spin-off. In this context, a prototype for detecting the bioluminescence of the human hand was also presented during the conference.<\/p><p>For more information about the <strong>Biophotoniq<\/strong> initiative, visit\u00a0 <a href=\"https:\/\/www.biophotoniq.net\/\" target=\"_blank\" rel=\"noopener\">https:\/\/www.biophotoniq.net\/<\/a> and and its social media channels (<a href=\"https:\/\/www.linkedin.com\/company\/biophotoniq\/\" target=\"_blank\" rel=\"noopener\">LinkedIn<\/a>, <a href=\"https:\/\/bsky.app\/profile\/biophotniq.bsky.social\" target=\"_blank\" rel=\"noopener\">Bluesky<\/a>, <a href=\"https:\/\/www.facebook.com\/biophotoniq\" target=\"_blank\" rel=\"noopener\">Facebook<\/a>).<\/p><p>The initiative also features an AI persona named Ela Sv\u011btl\u00e1, who serves as a guide to the topic of biophotons. She helps raise awareness of the research, provides updates on the project\u2019s progress, and fosters community engagement through online platforms (<a href=\"https:\/\/www.biophotoniq.net\/ela.html\" target=\"_blank\" rel=\"noopener\">website<\/a>, <a href=\"https:\/\/bsky.app\/profile\/drelasvetla.bsky.social\" target=\"_blank\" rel=\"noopener\">Bluesky<\/a>, <a href=\"https:\/\/t.me\/BiophotonBot\" target=\"_blank\">Telegram bot<\/a>, <a href=\"https:\/\/t.me\/+rNaN7QQVnR45ZDM0\" target=\"_blank\">Telegram community<\/a> and <a href=\"https:\/\/t.me\/biophotonscience\" target=\"_blank\">Telegram channel<\/a>).<\/p><p>The team also achieved significant success at the conference itself, where it received two travel awards. The awards were presented to Kate\u0159ina \u010cervinkov\u00e1 for her paper \u201c<em>Biochemiluminescence sensing of PEF-induced protein oxidation under pro- and antioxidants<\/em>\u201d and to Michaela Poplov\u00e1 for her paper \u201c<em>Biological auto(chemi)luminescence imaging of oxidative processes in human skin<\/em>\u201d. These awards confirm the high scientific quality of the presented results and the growing importance of biochemiluminescence-based methods in the quantum biology community.<\/p><hr \/><p><strong>About the conference<\/strong><\/p><p><strong>The Quantum Biology Forum<\/strong> conference is a new international gathering focused on bridging the fields of physics, biology, and medicine. It brings together leading scientists, clinicians, and innovators from around the world and focuses on the role of light, energy, and quantum phenomena in living systems and their potential for future diagnostics and treatments.<\/p>\t\t\t\t\t\t<\/div>\n\t\t\t\t<\/div>\n\t\t\t\t\t<\/div>\n\t\t\t\t<\/div>\n\t\t\t\t<\/div>\n\t\t","protected":false},"excerpt":{"rendered":"<p>At the Quantum Biology Forum 2026 international conference in the United States, scientists from the Bioelectrodynamics research team presented a new initiative called Biophotoniq, focused on biophoton research, building an international community, and developing proprietary measurement technologies. The team also received two prestigious travel awards.<\/p>\n","protected":false},"author":7,"featured_media":35605,"comment_status":"closed","ping_status":"closed","sticky":false,"template":"","format":"standard","meta":{"_acf_changed":false,"footnotes":""},"categories":[51],"tags":[],"acf":[],"_links":{"self":[{"href":"https:\/\/www.ufe.cz\/en\/wp-json\/wp\/v2\/posts\/35608"}],"collection":[{"href":"https:\/\/www.ufe.cz\/en\/wp-json\/wp\/v2\/posts"}],"about":[{"href":"https:\/\/www.ufe.cz\/en\/wp-json\/wp\/v2\/types\/post"}],"author":[{"embeddable":true,"href":"https:\/\/www.ufe.cz\/en\/wp-json\/wp\/v2\/users\/7"}],"replies":[{"embeddable":true,"href":"https:\/\/www.ufe.cz\/en\/wp-json\/wp\/v2\/comments?post=35608"}],"version-history":[{"count":10,"href":"https:\/\/www.ufe.cz\/en\/wp-json\/wp\/v2\/posts\/35608\/revisions"}],"predecessor-version":[{"id":35619,"href":"https:\/\/www.ufe.cz\/en\/wp-json\/wp\/v2\/posts\/35608\/revisions\/35619"}],"wp:featuredmedia":[{"embeddable":true,"href":"https:\/\/www.ufe.cz\/en\/wp-json\/wp\/v2\/media\/35605"}],"wp:attachment":[{"href":"https:\/\/www.ufe.cz\/en\/wp-json\/wp\/v2\/media?parent=35608"}],"wp:term":[{"taxonomy":"category","embeddable":true,"href":"https:\/\/www.ufe.cz\/en\/wp-json\/wp\/v2\/categories?post=35608"},{"taxonomy":"post_tag","embeddable":true,"href":"https:\/\/www.ufe.cz\/en\/wp-json\/wp\/v2\/tags?post=35608"}],"curies":[{"name":"wp","href":"https:\/\/api.w.org\/{rel}","templated":true}]}}